{"id":206,"date":"2009-07-08T23:06:24","date_gmt":"2009-07-08T21:06:24","guid":{"rendered":"https:\/\/ahce.fr\/?p=206"},"modified":"2021-03-18T23:10:26","modified_gmt":"2021-03-18T22:10:26","slug":"maroc-2009","status":"publish","type":"post","link":"https:\/\/ahce.fr\/en\/2009\/07\/08\/maroc-2009\/","title":{"rendered":"Morocco 2009"},"content":{"rendered":"<div data-elementor-type=\"wp-post\" data-elementor-id=\"206\" class=\"elementor elementor-206\">\n\t\t\t\t\t\t<section class=\"elementor-section elementor-top-section elementor-element elementor-element-5d9cba0 elementor-section-boxed elementor-section-height-default elementor-section-height-default\" data-id=\"5d9cba0\" data-element_type=\"section\">\n\t\t\t\t\t\t<div class=\"elementor-container elementor-column-gap-default\">\n\t\t\t\t\t<div class=\"elementor-column elementor-col-100 elementor-top-column elementor-element elementor-element-e0e3cb3\" data-id=\"e0e3cb3\" data-element_type=\"column\">\n\t\t\t<div class=\"elementor-widget-wrap elementor-element-populated\">\n\t\t\t\t\t\t<div class=\"elementor-element elementor-element-3d11c50 elementor-widget elementor-widget-text-editor\" data-id=\"3d11c50\" data-element_type=\"widget\" data-widget_type=\"text-editor.default\">\n\t\t\t\t<div class=\"elementor-widget-container\">\n\t\t\t\t\t\t\t\t\t<p>Projet r\u00e9alis\u00e9 en partenariat avec ASALEM (association solidarit\u00e9 amiti\u00e9 liaison \u00e9changes avec le Maroc) afin d\u2019\u00e9quiper un foyer de femmes battues ainsi qu\u2019une \u00e9cole primaire \u00e0 Sidi-Kacem de 25 ordinateurs et d\u2019en assurer la formation (Ubuntu-Linux et Logiciel \u00e9ducatif GCompris).<\/p>\t\t\t\t\t\t\t\t<\/div>\n\t\t\t\t<\/div>\n\t\t\t\t\t<\/div>\n\t\t<\/div>\n\t\t\t\t\t<\/div>\n\t\t<\/section>\n\t\t\t\t<section class=\"elementor-section elementor-top-section elementor-element elementor-element-a96578e elementor-section-boxed elementor-section-height-default elementor-section-height-default\" data-id=\"a96578e\" data-element_type=\"section\">\n\t\t\t\t\t\t<div class=\"elementor-container elementor-column-gap-default\">\n\t\t\t\t\t<div class=\"elementor-column elementor-col-100 elementor-top-column elementor-element elementor-element-91c5d40\" data-id=\"91c5d40\" data-element_type=\"column\">\n\t\t\t<div class=\"elementor-widget-wrap elementor-element-populated\">\n\t\t\t\t\t\t<div class=\"elementor-element elementor-element-1152d45 elementor-widget elementor-widget-image\" data-id=\"1152d45\" data-element_type=\"widget\" data-widget_type=\"image.default\">\n\t\t\t\t<div class=\"elementor-widget-container\">\n\t\t\t\t\t\t\t\t\t\t\t\t<figure class=\"wp-caption\">\n\t\t\t\t\t\t\t\t\t\t<img fetchpriority=\"high\" decoding=\"async\" width=\"700\" height=\"316\" src=\"https:\/\/ahce.fr\/wp-content\/uploads\/2021\/03\/2009-Maroc-A.jpg\" class=\"attachment-large size-large wp-image-14\" alt=\"Formation des enfants dans une \u00e9cole primaire de Sidi Kacem au logiciel Gcompris.\" srcset=\"https:\/\/ahce.fr\/wp-content\/uploads\/2021\/03\/2009-Maroc-A.jpg 1018w, https:\/\/ahce.fr\/wp-content\/uploads\/2021\/03\/2009-Maroc-A-300x136.jpg 300w, https:\/\/ahce.fr\/wp-content\/uploads\/2021\/03\/2009-Maroc-A-768x347.jpg 768w\" sizes=\"(max-width: 700px) 100vw, 700px\" \/>\t\t\t\t\t\t\t\t\t\t\t<figcaption class=\"widget-image-caption wp-caption-text\">Formation des enfants dans une \u00e9cole primaire de Sidi Kacem au logiciel Gcompris.<\/figcaption>\n\t\t\t\t\t\t\t\t\t\t<\/figure>\n\t\t\t\t\t\t\t\t\t<\/div>\n\t\t\t\t<\/div>\n\t\t\t\t\t<\/div>\n\t\t<\/div>\n\t\t\t\t\t<\/div>\n\t\t<\/section>\n\t\t\t\t<section class=\"elementor-section elementor-top-section elementor-element elementor-element-08cba2f elementor-section-boxed elementor-section-height-default elementor-section-height-default\" data-id=\"08cba2f\" data-element_type=\"section\">\n\t\t\t\t\t\t<div class=\"elementor-container elementor-column-gap-default\">\n\t\t\t\t\t<div class=\"elementor-column elementor-col-100 elementor-top-column elementor-element elementor-element-c13c9d6\" data-id=\"c13c9d6\" data-element_type=\"column\">\n\t\t\t<div class=\"elementor-widget-wrap elementor-element-populated\">\n\t\t\t\t\t\t<div class=\"elementor-element elementor-element-8720949 elementor-widget elementor-widget-heading\" data-id=\"8720949\" data-element_type=\"widget\" data-widget_type=\"heading.default\">\n\t\t\t\t<div class=\"elementor-widget-container\">\n\t\t\t\t\t<h2 class=\"elementor-heading-title elementor-size-medium\">Participants au projet 2009<\/h2>\t\t\t\t<\/div>\n\t\t\t\t<\/div>\n\t\t\t\t\t<\/div>\n\t\t<\/div>\n\t\t\t\t\t<\/div>\n\t\t<\/section>\n\t\t\t\t<section class=\"elementor-section elementor-top-section elementor-element elementor-element-b822bdf elementor-section-boxed elementor-section-height-default elementor-section-height-default\" data-id=\"b822bdf\" data-element_type=\"section\">\n\t\t\t\t\t\t<div class=\"elementor-container elementor-column-gap-default\">\n\t\t\t\t\t<div class=\"elementor-column elementor-col-100 elementor-top-column elementor-element elementor-element-2edcca2\" data-id=\"2edcca2\" data-element_type=\"column\">\n\t\t\t<div class=\"elementor-widget-wrap elementor-element-populated\">\n\t\t\t\t\t\t<div class=\"elementor-element elementor-element-ee5fe4f elementor-widget elementor-widget-text-editor\" data-id=\"ee5fe4f\" data-element_type=\"widget\" data-widget_type=\"text-editor.default\">\n\t\t\t\t<div class=\"elementor-widget-container\">\n\t\t\t\t\t\t\t\t\t<ul><li>GUTH Christophe (Conseil de l\u2019Europe)<\/li><li>MORJANI Raja (Pr\u00e9sidente du Centre de Droits des Gens Sidi Kacem)<\/li><li>MOUSSAOUI Lemjid (Pr\u00e9sident des parents d\u2019\u00e9l\u00e8ves de l\u2019\u00e9cole primaire de Sidi Kacem)<\/li><li>WOERTH Philippe (Conseil de l\u2019Europe)<\/li><\/ul>\t\t\t\t\t\t\t\t<\/div>\n\t\t\t\t<\/div>\n\t\t\t\t\t<\/div>\n\t\t<\/div>\n\t\t\t\t\t<\/div>\n\t\t<\/section>\n\t\t\t\t<section class=\"elementor-section elementor-top-section elementor-element elementor-element-9987fcb elementor-section-boxed elementor-section-height-default elementor-section-height-default\" data-id=\"9987fcb\" data-element_type=\"section\">\n\t\t\t\t\t\t<div class=\"elementor-container elementor-column-gap-default\">\n\t\t\t\t\t<div class=\"elementor-column elementor-col-50 elementor-top-column elementor-element elementor-element-7f4ed41\" data-id=\"7f4ed41\" data-element_type=\"column\">\n\t\t\t<div class=\"elementor-widget-wrap elementor-element-populated\">\n\t\t\t\t\t\t<div class=\"elementor-element elementor-element-051eb7f elementor-widget elementor-widget-image\" data-id=\"051eb7f\" data-element_type=\"widget\" data-widget_type=\"image.default\">\n\t\t\t\t<div class=\"elementor-widget-container\">\n\t\t\t\t\t\t\t\t\t\t\t\t\t\t\t<img decoding=\"async\" width=\"268\" height=\"201\" src=\"https:\/\/ahce.fr\/wp-content\/uploads\/2021\/03\/2009-Maroc-B.jpg\" class=\"attachment-large size-large wp-image-15\" alt=\"\" \/>\t\t\t\t\t\t\t\t\t\t\t\t\t\t\t<\/div>\n\t\t\t\t<\/div>\n\t\t\t\t\t<\/div>\n\t\t<\/div>\n\t\t\t\t<div class=\"elementor-column elementor-col-50 elementor-top-column elementor-element elementor-element-81c4f2c\" data-id=\"81c4f2c\" data-element_type=\"column\">\n\t\t\t<div class=\"elementor-widget-wrap elementor-element-populated\">\n\t\t\t\t\t\t<div class=\"elementor-element elementor-element-62dad05 elementor-widget elementor-widget-image\" data-id=\"62dad05\" data-element_type=\"widget\" data-widget_type=\"image.default\">\n\t\t\t\t<div class=\"elementor-widget-container\">\n\t\t\t\t\t\t\t\t\t\t\t\t\t\t\t<img decoding=\"async\" width=\"268\" height=\"204\" src=\"https:\/\/ahce.fr\/wp-content\/uploads\/2021\/03\/2009-Maroc-C.jpg\" class=\"attachment-large size-large wp-image-16\" alt=\"\" \/>\t\t\t\t\t\t\t\t\t\t\t\t\t\t\t<\/div>\n\t\t\t\t<\/div>\n\t\t\t\t\t<\/div>\n\t\t<\/div>\n\t\t\t\t\t<\/div>\n\t\t<\/section>\n\t\t\t\t<\/div>","protected":false},"excerpt":{"rendered":"<p>Project carried out in partnership with ASALEM (association solidarity friendship link exchanges with Morocco) in order to equip a home for battered women as well as a primary school in Sidi-Kacem with 25 computers and to provide training (Ubuntu-Linux and GCompris educational software).\u2026 <\/p>","protected":false},"author":1,"featured_media":14,"comment_status":"closed","ping_status":"closed","sticky":false,"template":"","format":"standard","meta":{"footnotes":""},"categories":[1],"tags":[],"class_list":["post-206","post","type-post","status-publish","format-standard","has-post-thumbnail","hentry","category-non-classe"],"_links":{"self":[{"href":"https:\/\/ahce.fr\/en\/wp-json\/wp\/v2\/posts\/206","targetHints":{"allow":["GET"]}}],"collection":[{"href":"https:\/\/ahce.fr\/en\/wp-json\/wp\/v2\/posts"}],"about":[{"href":"https:\/\/ahce.fr\/en\/wp-json\/wp\/v2\/types\/post"}],"author":[{"embeddable":true,"href":"https:\/\/ahce.fr\/en\/wp-json\/wp\/v2\/users\/1"}],"replies":[{"embeddable":true,"href":"https:\/\/ahce.fr\/en\/wp-json\/wp\/v2\/comments?post=206"}],"version-history":[{"count":0,"href":"https:\/\/ahce.fr\/en\/wp-json\/wp\/v2\/posts\/206\/revisions"}],"wp:featuredmedia":[{"embeddable":true,"href":"https:\/\/ahce.fr\/en\/wp-json\/wp\/v2\/media\/14"}],"wp:attachment":[{"href":"https:\/\/ahce.fr\/en\/wp-json\/wp\/v2\/media?parent=206"}],"wp:term":[{"taxonomy":"category","embeddable":true,"href":"https:\/\/ahce.fr\/en\/wp-json\/wp\/v2\/categories?post=206"},{"taxonomy":"post_tag","embeddable":true,"href":"https:\/\/ahce.fr\/en\/wp-json\/wp\/v2\/tags?post=206"}],"curies":[{"name":"wp","href":"https:\/\/api.w.org\/{rel}","templated":true}]}}